{"id":995,"date":"2021-10-22T07:45:12","date_gmt":"2021-10-22T05:45:12","guid":{"rendered":"https:\/\/www.coreth.at\/?p=995"},"modified":"2022-07-04T12:08:25","modified_gmt":"2022-07-04T10:08:25","slug":"erfolgreicher-abschluss-des-packloop-projektes","status":"publish","type":"post","link":"https:\/\/www.coreth.at\/de\/erfolgreicher-abschluss-des-packloop-projektes\/","title":{"rendered":"Erfolgreicher Abschlu\u00df des &#8222;Packloop&#8220; Projektes!"},"content":{"rendered":"\n<p>In diesem spannenden Projekt wurde bei CORETH unter anderem der <strong>Einsatz von Post Consumer Rezyklat<\/strong> in <strong>Sekund\u00e4rverpackungen<\/strong> genau analysiert. Die Ergebnisse dieser Studie liefern einen wichtigen Beitrag f\u00fcr <strong>zuk\u00fcnftige Entwicklungen<\/strong> und Umsetzungen zur Erreichung der herausfordernden Ziele des <strong>EU -Kreislaufwirtschaftspakets<\/strong>\u00a0\u00a0und den daf\u00fcr notwendigen Rezyklateinsatz.<\/p>\n\n\n\n<p>Weitere Details dazu finden Sie in unserer <strong>\u201eGr\u00fcnen Zone\u201c<\/strong>.<\/p>\n","protected":false},"excerpt":{"rendered":"<p>In diesem spannenden Projekt wurde bei CORETH unter anderem der Einsatz von Post Consumer Rezyklat in Sekund\u00e4rverpackungen genau analysiert. Die Ergebnisse dieser Studie liefern einen wichtigen Beitrag f\u00fcr zuk\u00fcnftige Entwicklungen und Umsetzungen zur Erreichung der herausfordernden Ziele des EU -Kreislaufwirtschaftspakets\u00a0\u00a0und den daf\u00fcr notwendigen Rezyklateinsatz. Weitere Details dazu finden Sie in unserer \u201eGr\u00fcnen Zone\u201c.<\/p>\n","protected":false},"author":2,"featured_media":0,"comment_status":"closed","ping_status":"closed","sticky":false,"template":"","format":"standard","meta":[],"categories":[2],"tags":[],"class_list":["post-995","post","type-post","status-publish","hentry","category-unkategorisiert"],"yoast_head":"<!-- This site is optimized with the Yoast SEO plugin v27.2 - https:\/\/yoast.com\/product\/yoast-seo-wordpress\/ -->\n<title>Erfolgreicher Abschlu\u00df des &quot;Packloop&quot; Projektes! - CORETH<\/title>\n<meta name=\"robots\" content=\"index, follow, max-snippet:-1, max-image-preview:large, max-video-preview:-1\" \/>\n<link rel=\"canonical\" href=\"https:\/\/www.coreth.at\/de\/erfolgreicher-abschluss-des-packloop-projektes\/\" \/>\n<meta property=\"og:locale\" content=\"de_DE\" \/>\n<meta property=\"og:type\" content=\"article\" \/>\n<meta property=\"og:title\" content=\"Erfolgreicher Abschlu\u00df des &quot;Packloop&quot; Projektes! - CORETH\" \/>\n<meta property=\"og:description\" content=\"In diesem spannenden Projekt wurde bei CORETH unter anderem der Einsatz von Post Consumer Rezyklat in Sekund\u00e4rverpackungen genau analysiert. Die Ergebnisse dieser Studie liefern einen wichtigen Beitrag f\u00fcr zuk\u00fcnftige Entwicklungen und Umsetzungen zur Erreichung der herausfordernden Ziele des EU -Kreislaufwirtschaftspakets\u00a0\u00a0und den daf\u00fcr notwendigen Rezyklateinsatz. Weitere Details dazu finden Sie in unserer \u201eGr\u00fcnen Zone\u201c.\" \/>\n<meta property=\"og:url\" content=\"https:\/\/www.coreth.at\/de\/erfolgreicher-abschluss-des-packloop-projektes\/\" \/>\n<meta property=\"og:site_name\" content=\"CORETH\" \/>\n<meta property=\"article:published_time\" content=\"2021-10-22T05:45:12+00:00\" \/>\n<meta property=\"article:modified_time\" content=\"2022-07-04T10:08:25+00:00\" \/>\n<meta name=\"author\" content=\"Barbara Chalupnik\" \/>\n<meta name=\"twitter:card\" content=\"summary_large_image\" \/>\n<meta name=\"twitter:label1\" content=\"Verfasst von\" \/>\n\t<meta name=\"twitter:data1\" content=\"Barbara Chalupnik\" \/>\n\t<meta name=\"twitter:label2\" content=\"Gesch\u00e4tzte Lesezeit\" \/>\n\t<meta name=\"twitter:data2\" content=\"1\u00a0Minute\" \/>\n<script type=\"application\/ld+json\" class=\"yoast-schema-graph\">{\"@context\":\"https:\/\/schema.org\",\"@graph\":[{\"@type\":\"WebPage\",\"@id\":\"https:\/\/www.coreth.at\/de\/erfolgreicher-abschluss-des-packloop-projektes\/\",\"url\":\"https:\/\/www.coreth.at\/de\/erfolgreicher-abschluss-des-packloop-projektes\/\",\"name\":\"Erfolgreicher Abschlu\u00df des \\\"Packloop\\\" Projektes! - CORETH\",\"isPartOf\":{\"@id\":\"https:\/\/www.coreth.at\/de\/#website\"},\"datePublished\":\"2021-10-22T05:45:12+00:00\",\"dateModified\":\"2022-07-04T10:08:25+00:00\",\"inLanguage\":\"de\",\"potentialAction\":[{\"@type\":\"ReadAction\",\"target\":[\"https:\/\/www.coreth.at\/de\/erfolgreicher-abschluss-des-packloop-projektes\/\"]}]},{\"@type\":\"WebSite\",\"@id\":\"https:\/\/www.coreth.at\/de\/#website\",\"url\":\"https:\/\/www.coreth.at\/de\/\",\"name\":\"CORETH\",\"description\":\"\",\"publisher\":{\"@id\":\"https:\/\/www.coreth.at\/de\/#organization\"},\"potentialAction\":[{\"@type\":\"SearchAction\",\"target\":{\"@type\":\"EntryPoint\",\"urlTemplate\":\"https:\/\/www.coreth.at\/de\/?s={search_term_string}\"},\"query-input\":{\"@type\":\"PropertyValueSpecification\",\"valueRequired\":true,\"valueName\":\"search_term_string\"}}],\"inLanguage\":\"de\"},{\"@type\":\"Organization\",\"@id\":\"https:\/\/www.coreth.at\/de\/#organization\",\"name\":\"CORETH\",\"url\":\"https:\/\/www.coreth.at\/de\/\",\"logo\":{\"@type\":\"ImageObject\",\"inLanguage\":\"de\",\"@id\":\"https:\/\/www.coreth.at\/de\/#\/schema\/logo\/image\/\",\"url\":\"https:\/\/www.coreth.at\/content\/uploads\/2021\/02\/logo_coreth-2.png\",\"contentUrl\":\"https:\/\/www.coreth.at\/content\/uploads\/2021\/02\/logo_coreth-2.png\",\"width\":428,\"height\":36,\"caption\":\"CORETH\"},\"image\":{\"@id\":\"https:\/\/www.coreth.at\/de\/#\/schema\/logo\/image\/\"}}]}<\/script>\n<!-- \/ Yoast SEO plugin. -->","yoast_head_json":{"title":"Erfolgreicher Abschlu\u00df des \"Packloop\" Projektes! - CORETH","robots":{"index":"index","follow":"follow","max-snippet":"max-snippet:-1","max-image-preview":"max-image-preview:large","max-video-preview":"max-video-preview:-1"},"canonical":"https:\/\/www.coreth.at\/de\/erfolgreicher-abschluss-des-packloop-projektes\/","og_locale":"de_DE","og_type":"article","og_title":"Erfolgreicher Abschlu\u00df des \"Packloop\" Projektes! - CORETH","og_description":"In diesem spannenden Projekt wurde bei CORETH unter anderem der Einsatz von Post Consumer Rezyklat in Sekund\u00e4rverpackungen genau analysiert. Die Ergebnisse dieser Studie liefern einen wichtigen Beitrag f\u00fcr zuk\u00fcnftige Entwicklungen und Umsetzungen zur Erreichung der herausfordernden Ziele des EU -Kreislaufwirtschaftspakets\u00a0\u00a0und den daf\u00fcr notwendigen Rezyklateinsatz. Weitere Details dazu finden Sie in unserer \u201eGr\u00fcnen Zone\u201c.","og_url":"https:\/\/www.coreth.at\/de\/erfolgreicher-abschluss-des-packloop-projektes\/","og_site_name":"CORETH","article_published_time":"2021-10-22T05:45:12+00:00","article_modified_time":"2022-07-04T10:08:25+00:00","author":"Barbara Chalupnik","twitter_card":"summary_large_image","twitter_misc":{"Verfasst von":"Barbara Chalupnik","Gesch\u00e4tzte Lesezeit":"1\u00a0Minute"},"schema":{"@context":"https:\/\/schema.org","@graph":[{"@type":"WebPage","@id":"https:\/\/www.coreth.at\/de\/erfolgreicher-abschluss-des-packloop-projektes\/","url":"https:\/\/www.coreth.at\/de\/erfolgreicher-abschluss-des-packloop-projektes\/","name":"Erfolgreicher Abschlu\u00df des \"Packloop\" Projektes! - CORETH","isPartOf":{"@id":"https:\/\/www.coreth.at\/de\/#website"},"datePublished":"2021-10-22T05:45:12+00:00","dateModified":"2022-07-04T10:08:25+00:00","inLanguage":"de","potentialAction":[{"@type":"ReadAction","target":["https:\/\/www.coreth.at\/de\/erfolgreicher-abschluss-des-packloop-projektes\/"]}]},{"@type":"WebSite","@id":"https:\/\/www.coreth.at\/de\/#website","url":"https:\/\/www.coreth.at\/de\/","name":"CORETH","description":"","publisher":{"@id":"https:\/\/www.coreth.at\/de\/#organization"},"potentialAction":[{"@type":"SearchAction","target":{"@type":"EntryPoint","urlTemplate":"https:\/\/www.coreth.at\/de\/?s={search_term_string}"},"query-input":{"@type":"PropertyValueSpecification","valueRequired":true,"valueName":"search_term_string"}}],"inLanguage":"de"},{"@type":"Organization","@id":"https:\/\/www.coreth.at\/de\/#organization","name":"CORETH","url":"https:\/\/www.coreth.at\/de\/","logo":{"@type":"ImageObject","inLanguage":"de","@id":"https:\/\/www.coreth.at\/de\/#\/schema\/logo\/image\/","url":"https:\/\/www.coreth.at\/content\/uploads\/2021\/02\/logo_coreth-2.png","contentUrl":"https:\/\/www.coreth.at\/content\/uploads\/2021\/02\/logo_coreth-2.png","width":428,"height":36,"caption":"CORETH"},"image":{"@id":"https:\/\/www.coreth.at\/de\/#\/schema\/logo\/image\/"}}]}},"_links":{"self":[{"href":"https:\/\/www.coreth.at\/de\/wp-json\/wp\/v2\/posts\/995","targetHints":{"allow":["GET"]}}],"collection":[{"href":"https:\/\/www.coreth.at\/de\/wp-json\/wp\/v2\/posts"}],"about":[{"href":"https:\/\/www.coreth.at\/de\/wp-json\/wp\/v2\/types\/post"}],"author":[{"embeddable":true,"href":"https:\/\/www.coreth.at\/de\/wp-json\/wp\/v2\/users\/2"}],"replies":[{"embeddable":true,"href":"https:\/\/www.coreth.at\/de\/wp-json\/wp\/v2\/comments?post=995"}],"version-history":[{"count":0,"href":"https:\/\/www.coreth.at\/de\/wp-json\/wp\/v2\/posts\/995\/revisions"}],"wp:attachment":[{"href":"https:\/\/www.coreth.at\/de\/wp-json\/wp\/v2\/media?parent=995"}],"wp:term":[{"taxonomy":"category","embeddable":true,"href":"https:\/\/www.coreth.at\/de\/wp-json\/wp\/v2\/categories?post=995"},{"taxonomy":"post_tag","embeddable":true,"href":"https:\/\/www.coreth.at\/de\/wp-json\/wp\/v2\/tags?post=995"}],"curies":[{"name":"wp","href":"https:\/\/api.w.org\/{rel}","templated":true}]}}